{"id":2820,"date":"2023-09-25T21:01:00","date_gmt":"2023-09-25T19:01:00","guid":{"rendered":"http:\/\/www.elliniki-ekklisia-varkelonis.org\/wordpress\/?p=2820"},"modified":"2023-09-25T21:01:00","modified_gmt":"2023-09-25T19:01:00","slug":"el-patriarca-ecumenico-bartolome-realizara-una-historica-visita-a-espana-en-octubre","status":"publish","type":"post","link":"http:\/\/www.elliniki-ekklisia-varkelonis.org\/wordpress\/el-patriarca-ecumenico-bartolome-realizara-una-historica-visita-a-espana-en-octubre","title":{"rendered":"El patriarca ecum\u00e9nico Bartolom\u00e9 realizar\u00e1 una hist\u00f3rica visita a Espa\u00f1a en octubre"},"content":{"rendered":"<div class=\"entry-headline h5\">El sucesor de san Andr\u00e9s vendr\u00e1 por primera vez nuestro pa\u00eds del 14 al 18 de octubre. Ser\u00e1 recibido por Felipe VI, la c\u00fapula de la CEE e investido doctor honoris causa en la UPSA. Hablamos de esta visita hist\u00f3rica con el metropolita Bessari\u00f3n<\/div>\n<p class=\"p1\"><span class=\"s1\">C<\/span><span class=\"s2\">uenta<\/span><span class=\"s1\">&nbsp;atr\u00e1s para que nuestro pa\u00eds viva un momento hist\u00f3rico: la primera visita de un patriarca ecum\u00e9nico de Constantinopla, del sucesor del ap\u00f3stol&nbsp;<b>Andr\u00e9s<\/b>. Ser\u00e1 del 14 al 18 del octubre cuando&nbsp;<b>Bartolom\u00e9<\/b>&nbsp;pise Espa\u00f1a para encontrarse con la peque\u00f1a comunidad ortodoxa que vive bajo su jurisdicci\u00f3n en la Sacra Metr\u00f3polis de Espa\u00f1a y Portugal y para celebrar dos aniversarios. Los 20 a\u00f1os de la creaci\u00f3n de la citada metr\u00f3polis y 50 de la consagraci\u00f3n de la iglesia de los Santos Andr\u00e9s y Demetrio, hoy catedral. Precisamente, en el templo catedralicio, en Madrid, nos encontramos con&nbsp;<b>Bessari\u00f3n<\/b>, metropolita de Espa\u00f1a y Portugal y exarca del Mar Mediterr\u00e1neo. \u00c9l ha sido uno de los art\u00edfices de que Bartolom\u00e9 vaya a estar en Espa\u00f1a. Le insisti\u00f3 una y otra vez hasta que encontr\u00f3 en los aniversarios una buena excusa. \u00abLe dije que este era el momento\u00bb, afirma en su despacho, iluminado por velas y con un suave olor a incienso y donde nos ofreci\u00f3 a modo de bienvenida un sorbo de mastika, un licor tradicional griego.<\/span><\/p>\n<p class=\"p3\"><span class=\"s1\">Aunque los aniversarios son importantes y los cumplea\u00f1os hay que celebrarlos, dice, pone el \u00e9nfasis en su presencia como l\u00edder espiritual de la Iglesia ortodoxa. \u00abEs absolutamente necesario que venga, no solo para mostrar la autoridad o que es el patriarca, sino porque su personalidad es \u00fanica, carism\u00e1tica y va a ser una bendici\u00f3n. No solo para nuestra metr\u00f3polis, sino para todos\u00bb, agrega.<\/span><\/p>\n<p class=\"p3\"><span class=\"s1\">Llega, adem\u00e1s, en un momento complicado para la ortodoxia, con la proliferaci\u00f3n, se\u00f1ala Bessari\u00f3n, de las Iglesias que ponen por encima la nacionalidad antes que el hecho de ser cristianos. \u00abLa Iglesia es un solo cuerpo. No se puede dividir en nacionalidades y el \u00fanico hombre que habla de la verdadera tradici\u00f3n cristiana ortodoxa es Bartolom\u00e9. Mostrar\u00e1 y demostrar\u00e1 aqu\u00ed en Espa\u00f1a cu\u00e1l es la belleza de la Iglesia ortodoxa\u00bb, a\u00f1ade el metropolita.<\/span><\/p>\n<p class=\"p3\"><span class=\"s1\">Uno de los actos centrales de su visita ser\u00e1 la celebraci\u00f3n de la Divina Liturgia en la catedral, a la que seguir\u00e1 un encuentro fraterno con los fieles en el jard\u00edn contiguo al templo. Ser\u00e1 el domingo 15 de octubre. Ese mismo d\u00eda, por la tarde, la catedral de la Almudena acoger\u00e1 una oraci\u00f3n ecum\u00e9nica. La dimensi\u00f3n de la visita se explica por s\u00ed sola, pero un encuentro con el rey&nbsp;<b>Felipe VI<\/b>, jefe del Estado, la coloca en su lugar. Cabe recordar, adem\u00e1s, como se\u00f1ala Bessari\u00f3n, que el patriarca y la madre del rey, la em\u00e9rita reina Sof\u00eda, son amigos.<\/span><\/p>\n<p class=\"p3\"><span class=\"s1\">La visita de Bartolom\u00e9 concluir\u00e1 con dos momentos importantes en su relaci\u00f3n con la Iglesia cat\u00f3lica, pues el l\u00edder espiritual va a ser investido doctor honoris causa por la Universidad Pontifica de Salamanca y visitar\u00e1 la Conferencia Episcopal Espa\u00f1ola (CEE), en cuya sede se reunir\u00e1 con su presidente y secretario general. All\u00ed mismo, tendr\u00e1 una breve comparecencia ante los medios de comunicaci\u00f3n.<\/span><\/p>\n<h4>200.000 fieles<\/h4>\n<p class=\"p3\"><span class=\"s1\">La comunidad ortodoxa vinculada al patriarcado suma entre Espa\u00f1a y Portugal un total de 200.000 fieles, en su mayor\u00eda ucranianos, aunque tambi\u00e9n hay b\u00falgaros y serbios. Tiene clero propio, aunque una parte no est\u00e1 dedicado exclusivamente a la tarea pastoral, pues deben ganarse el pan con otro trabajo, algunos en la construcci\u00f3n o en el campo. Y tienen dificultades para encontrar lugares donde tener su culto. Es cierto que pueden ocupar algunas horas templos cat\u00f3licos los domingos, pero echan de menos parroquias propias con presencia continua.<\/span><\/p>\n<p class=\"p3\"><span class=\"s1\">En este contexto, Bartolom\u00e9, seg\u00fan Bessari\u00f3n, llegar\u00e1 a Espa\u00f1a para mostrar \u00abla belleza de la Iglesia ortodoxa\u00bb y para transmitir el mensaje del amor y de la tradici\u00f3n cristiana com\u00fan. Tambi\u00e9n \u00abel de la paz de Cristo, el mensaje de paz para el mundo\u00bb. \u00abBartolom\u00e9 es una personalidad \u00fanica. Fue el l\u00edder espiritual que habl\u00f3 desde el principio en contra de la guerra en Ucrania\u00bb, a\u00f1ade.<\/span><\/p>\n<p class=\"p3\"><span class=\"s1\">El metropolita Bessari\u00f3n espera que esta sea la primera de muchas visitas del patriarca ecum\u00e9nico a Espa\u00f1a. Por lo pronto, el a\u00f1o que viene est\u00e1 previsto que viaje a Portugal y no se descarta que pueda hacer una parada en Santiago de Compostela. Andr\u00e9s visitar\u00eda a Santiago. Ha tenido que pasar mucho tiempo, pero, concluye el l\u00edder ortodoxo, \u00abnunca es tarde para peregrinar y descubrir la belleza de la fe cristiana en Espa\u00f1a y Portugal\u00bb.<\/span><\/p>\n","protected":false},"excerpt":{"rendered":"<p>El sucesor de san Andr\u00e9s vendr\u00e1 por primera vez nuestro pa\u00eds del 14 al 18 de octubre. Ser\u00e1 recibido por Felipe VI, la c\u00fapula de la CEE e investido doctor honoris causa en la UPSA. Hablamos de esta visita hist\u00f3rica &hellip; <a href=\"http:\/\/www.elliniki-ekklisia-varkelonis.org\/wordpress\/el-patriarca-ecumenico-bartolome-realizara-una-historica-visita-a-espana-en-octubre\">Continue reading <span class=\"meta-nav\">&rarr;<\/span><\/a><\/p>\n","protected":false},"author":1,"featured_media":0,"comment_status":"open","ping_status":"open","sticky":false,"template":"","format":"standard","meta":{"_monsterinsights_skip_tracking":false,"_monsterinsights_sitenote_active":false,"_monsterinsights_sitenote_note":"","_monsterinsights_sitenote_category":0,"ngg_post_thumbnail":0,"footnotes":""},"categories":[1],"tags":[],"class_list":["post-2820","post","type-post","status-publish","format-standard","hentry","category-uncategorized"],"_links":{"self":[{"href":"http:\/\/www.elliniki-ekklisia-varkelonis.org\/wordpress\/wp-json\/wp\/v2\/posts\/2820","targetHints":{"allow":["GET"]}}],"collection":[{"href":"http:\/\/www.elliniki-ekklisia-varkelonis.org\/wordpress\/wp-json\/wp\/v2\/posts"}],"about":[{"href":"http:\/\/www.elliniki-ekklisia-varkelonis.org\/wordpress\/wp-json\/wp\/v2\/types\/post"}],"author":[{"embeddable":true,"href":"http:\/\/www.elliniki-ekklisia-varkelonis.org\/wordpress\/wp-json\/wp\/v2\/users\/1"}],"replies":[{"embeddable":true,"href":"http:\/\/www.elliniki-ekklisia-varkelonis.org\/wordpress\/wp-json\/wp\/v2\/comments?post=2820"}],"version-history":[{"count":1,"href":"http:\/\/www.elliniki-ekklisia-varkelonis.org\/wordpress\/wp-json\/wp\/v2\/posts\/2820\/revisions"}],"predecessor-version":[{"id":2821,"href":"http:\/\/www.elliniki-ekklisia-varkelonis.org\/wordpress\/wp-json\/wp\/v2\/posts\/2820\/revisions\/2821"}],"wp:attachment":[{"href":"http:\/\/www.elliniki-ekklisia-varkelonis.org\/wordpress\/wp-json\/wp\/v2\/media?parent=2820"}],"wp:term":[{"taxonomy":"category","embeddable":true,"href":"http:\/\/www.elliniki-ekklisia-varkelonis.org\/wordpress\/wp-json\/wp\/v2\/categories?post=2820"},{"taxonomy":"post_tag","embeddable":true,"href":"http:\/\/www.elliniki-ekklisia-varkelonis.org\/wordpress\/wp-json\/wp\/v2\/tags?post=2820"}],"curies":[{"name":"wp","href":"https:\/\/api.w.org\/{rel}","templated":true}]}}